{"id":1,"date":"2012-12-29T16:46:40","date_gmt":"2012-12-29T16:46:40","guid":{"rendered":"http:\/\/future-mobility-camp.de.dd24918.kasserver.com\/?p=1"},"modified":"2013-03-02T00:24:48","modified_gmt":"2013-03-01T22:24:48","slug":"hallo-welt","status":"publish","type":"post","link":"https:\/\/future-mobility-camp.de\/dresden13\/hallo-welt\/","title":{"rendered":"Webseite online!"},"content":{"rendered":"<p>Herzlich Willkommen auf der Webseite zum Future Mobility Camp 2013 in Dresden! Diese Seite soll das erste deutsche Hybridbarcamp zur Zukunft der Mobilit\u00e4t koordinieren und als Ausgangspunkt f\u00fcr weitere Veranstaltungen in anderen Teilen Deutschlands dienen.<\/p>\n<p>Alle wichtigen Informationen werden in den n\u00e4chsten Wochen noch erg\u00e4nzt werden. Wir werden an dieser Stelle auch \u00fcber unsere Fortschritte und hoffentlich wenigen R\u00fcckschl\u00e4ge berichten. Sodass auch andere von unserem Entstehungsprozess lernen k\u00f6nnen.<\/p>\n","protected":false},"excerpt":{"rendered":"<p>Herzlich Willkommen auf der Webseite zum Future Mobility Camp 2013 in Dresden! Diese Seite soll das erste deutsche Hybridbarcamp zur Zukunft der Mobilit\u00e4t koordinieren und als Ausgangspunkt f\u00fcr weitere Veranstaltungen in anderen Teilen Deutschlands dienen. Alle wichtigen Informationen werden in den n\u00e4chsten Wochen noch erg\u00e4nzt werden. Wir werden an dieser Stelle auch \u00fcber unsere Fortschritte [&hellip;]<\/p>\n","protected":false},"author":1,"featured_media":0,"comment_status":"open","ping_status":"open","sticky":false,"template":"","format":"standard","meta":{"footnotes":""},"categories":[1],"tags":[],"class_list":["post-1","post","type-post","status-publish","format-standard","hentry","category-neuigkeiten"],"_links":{"self":[{"href":"https:\/\/future-mobility-camp.de\/dresden13\/wp-json\/wp\/v2\/posts\/1","targetHints":{"allow":["GET"]}}],"collection":[{"href":"https:\/\/future-mobility-camp.de\/dresden13\/wp-json\/wp\/v2\/posts"}],"about":[{"href":"https:\/\/future-mobility-camp.de\/dresden13\/wp-json\/wp\/v2\/types\/post"}],"author":[{"embeddable":true,"href":"https:\/\/future-mobility-camp.de\/dresden13\/wp-json\/wp\/v2\/users\/1"}],"replies":[{"embeddable":true,"href":"https:\/\/future-mobility-camp.de\/dresden13\/wp-json\/wp\/v2\/comments?post=1"}],"version-history":[{"count":4,"href":"https:\/\/future-mobility-camp.de\/dresden13\/wp-json\/wp\/v2\/posts\/1\/revisions"}],"predecessor-version":[{"id":54,"href":"https:\/\/future-mobility-camp.de\/dresden13\/wp-json\/wp\/v2\/posts\/1\/revisions\/54"}],"wp:attachment":[{"href":"https:\/\/future-mobility-camp.de\/dresden13\/wp-json\/wp\/v2\/media?parent=1"}],"wp:term":[{"taxonomy":"category","embeddable":true,"href":"https:\/\/future-mobility-camp.de\/dresden13\/wp-json\/wp\/v2\/categories?post=1"},{"taxonomy":"post_tag","embeddable":true,"href":"https:\/\/future-mobility-camp.de\/dresden13\/wp-json\/wp\/v2\/tags?post=1"}],"curies":[{"name":"wp","href":"https:\/\/api.w.org\/{rel}","templated":true}]}}