{"id":60,"date":"2013-03-02T00:52:13","date_gmt":"2013-03-01T22:52:13","guid":{"rendered":"http:\/\/future-mobility-camp.de\/?p=60"},"modified":"2013-03-03T14:00:33","modified_gmt":"2013-03-03T12:00:33","slug":"wir-sind-jetzt-bei-facebook","status":"publish","type":"post","link":"https:\/\/future-mobility-camp.de\/dresden13\/wir-sind-jetzt-bei-facebook\/","title":{"rendered":"Wir sind jetzt bei Facebook!"},"content":{"rendered":"<p>Zwar ist es noch ein wenig leer, aber wir haben unsere Zelte mittlerweile auch bei Facebook aufgeschlagen. In den kommenden Wochen, wenn es dort etwas voller wird, werden wir auch noch ein bisschen von unserer kostbaren Zeit in die Gestaltung stecken. Aber zurzeit arbeiten wir hart am FMC! Und eventuell k\u00f6nnen wir in der kommenden Woche auch ein bisschen st\u00e4rker ans Licht der \u00d6ffentlichkeit gehen.<\/p>\n<p><strong>Bis es jedoch soweit ist, w\u00fcrden wir uns \u00fcber ein paar Likes f\u00fcr <a title=\"FMC Facebook-Seite\" href=\"https:\/\/www.facebook.com\/pages\/Future-Mobility-Camp\/318401041616741\">unsere noch sehr kahle Facebook-Seite<\/a> freuen!<\/strong><\/p>\n<p>PS: Man kann uns auch auf <a title=\"FMC auf Twitter\" href=\"http:\/\/www.twitter.com\/mobilitycamp\">Twitter folgen<\/a>! ;-)<\/p>\n<div class=\"fb-like-box\" data-href=\"https:\/\/www.facebook.com\/pages\/Future-Mobility-Camp\/318401041616741\" data-width=\"620\" data-show-faces=\"true\" data-stream=\"false\" data-header=\"true\"><\/div>\n","protected":false},"excerpt":{"rendered":"<p>Zwar ist es noch ein wenig leer, aber wir haben unsere Zelte mittlerweile auch bei Facebook aufgeschlagen. In den kommenden Wochen, wenn es dort etwas voller wird, werden wir auch noch ein bisschen von unserer kostbaren Zeit in die Gestaltung stecken. Aber zurzeit arbeiten wir hart am FMC! Und eventuell k\u00f6nnen wir in der kommenden [&hellip;]<\/p>\n","protected":false},"author":1,"featured_media":0,"comment_status":"open","ping_status":"open","sticky":false,"template":"","format":"standard","meta":{"footnotes":""},"categories":[1],"tags":[],"class_list":["post-60","post","type-post","status-publish","format-standard","hentry","category-neuigkeiten"],"_links":{"self":[{"href":"https:\/\/future-mobility-camp.de\/dresden13\/wp-json\/wp\/v2\/posts\/60","targetHints":{"allow":["GET"]}}],"collection":[{"href":"https:\/\/future-mobility-camp.de\/dresden13\/wp-json\/wp\/v2\/posts"}],"about":[{"href":"https:\/\/future-mobility-camp.de\/dresden13\/wp-json\/wp\/v2\/types\/post"}],"author":[{"embeddable":true,"href":"https:\/\/future-mobility-camp.de\/dresden13\/wp-json\/wp\/v2\/users\/1"}],"replies":[{"embeddable":true,"href":"https:\/\/future-mobility-camp.de\/dresden13\/wp-json\/wp\/v2\/comments?post=60"}],"version-history":[{"count":5,"href":"https:\/\/future-mobility-camp.de\/dresden13\/wp-json\/wp\/v2\/posts\/60\/revisions"}],"predecessor-version":[{"id":77,"href":"https:\/\/future-mobility-camp.de\/dresden13\/wp-json\/wp\/v2\/posts\/60\/revisions\/77"}],"wp:attachment":[{"href":"https:\/\/future-mobility-camp.de\/dresden13\/wp-json\/wp\/v2\/media?parent=60"}],"wp:term":[{"taxonomy":"category","embeddable":true,"href":"https:\/\/future-mobility-camp.de\/dresden13\/wp-json\/wp\/v2\/categories?post=60"},{"taxonomy":"post_tag","embeddable":true,"href":"https:\/\/future-mobility-camp.de\/dresden13\/wp-json\/wp\/v2\/tags?post=60"}],"curies":[{"name":"wp","href":"https:\/\/api.w.org\/{rel}","templated":true}]}}